{"id":287,"date":"2021-10-01T08:07:00","date_gmt":"2021-10-01T06:07:00","guid":{"rendered":"http:\/\/karous.nova-design.cz\/?p=287"},"modified":"2022-01-26T08:10:51","modified_gmt":"2022-01-26T07:10:51","slug":"otazkove-okenko-zhotovitele-na-stavbe-a-predani-dokumentace-kdo-komu-a-kdy","status":"publish","type":"post","link":"https:\/\/karous.karoei.cz\/karous\/2021\/10\/01\/otazkove-okenko-zhotovitele-na-stavbe-a-predani-dokumentace-kdo-komu-a-kdy\/","title":{"rendered":"Ot\u00e1zkov\u00e9 ok\u00e9nko &#8211; Zhotovitel\u00e9 na stavb\u011b a p\u0159ed\u00e1n\u00ed dokumentace. Kdo, komu a kdy?"},"content":{"rendered":"\n<p class=\"has-drop-cap has-text-align-justify\"><em>Zhotovitel\u00e9 na stavb\u011b a p\u0159ed\u00e1n\u00ed dokumentace. Kdo, komu a kdy? Jak se postupuje, kdy\u017e je na stavb\u011b \u201egener\u00e1ln\u00ed dodavatel\u201c?<\/em><\/p>\n\n\n\n<p class=\"has-text-align-justify\"><br><br><strong>Odpov\u00edd\u00e1 Ing. Eva Grenov\u00e1, Ph.D<\/strong><\/p>\n\n\n\n<p class=\"has-text-align-justify\">Na st\u016fl se mi dostal dotaz, jak se postupuje v p\u0159\u00edpad\u011b, kdy je na stavb\u011b zhotovitel, kter\u00fd je pova\u017eov\u00e1n za \u201egener\u00e1ln\u00edho\u201c, \u201ehlavn\u00edho\u201c, kter\u00fd si d\u00e1le naj\u00edm\u00e1 subdodavatele (dal\u0161\u00ed zhotovitele stavby). Kdo vlastn\u011b p\u0159ed\u00e1v\u00e1 pracovn\u00ed a technologick\u00e9 postupy a komu. U velk\u00fdch staveb je tato situace nesnadn\u00e1 a \u010dasto nep\u0159ehledn\u00e1 z d\u016fvodu duplicitn\u00ed dokumentace a dvousestr\u00e1nkov\u00fdch rizik.<br>V z\u00e1kon\u011b \u010d. 309\/2006 Sb., ve zn\u011bn\u00ed pozd\u011bj\u0161\u00edch p\u0159edpis\u016f v \u00a716 se uv\u00e1d\u00ed, \u017ee zhotovitel (ka\u017ed\u00fd zhotovitel) na stavb\u011b je povinen \u201enejpozd\u011bji do 8 dn\u016f p\u0159ed zah\u00e1jen\u00edm prac\u00ed na staveni\u0161ti p\u00edsemn\u011b informovat ur\u010den\u00e9ho koordin\u00e1tora (je-li ur\u010den) o pracovn\u00edch a technologick\u00fdch postupech, kter\u00e9 pro realizaci stavby zvolil,&#8230;&#8230;\u201c. Nen\u00ed tedy povinnost\u00ed \u201egener\u00e1ln\u00edho dodavatele\u201c informovat za v\u0161echny, \u010di vyb\u00edrat postupy od subdodavatel\u016f. Tuto povinnost m\u00e1 ka\u017ed\u00fd zhotovitel na stavb\u011b s\u00e1m za sebe. Tento si mus\u00ed zjistit, zda byl ur\u010den koordin\u00e1tor BOZP a nav\u00e1zat s n\u00edm spojen\u00ed. Toto se ale v praxi b\u011b\u017en\u011b ned\u011bje. N\u011bkter\u00e9 men\u0161\u00ed firmy tyto dokumenty ani nemaj\u00ed zpracov\u00e1ny. Proto je snaz\u0161\u00ed cesta v podobn\u011b \u010cestn\u00e9ho prohl\u00e1\u0161en\u00ed, kdy dan\u00fd zhotovitel na stavb\u011b \u010destn\u011b prohl\u00e1s\u00ed, \u017ee bude dodr\u017eovat postupy a opat\u0159en\u00ed, kter\u00e9 ji\u017e p\u0159edlo\u017eil \u201egener\u00e1ln\u00ed dodavatel\u201c. T\u00edm se p\u0159edejde duplicit\u011b pracovn\u00edch postup\u016f, jejich zakl\u00e1d\u00e1n\u00ed, a p\u0159edev\u0161\u00edm se usnadn\u00ed jejich kontrola.<\/p>\n","protected":false},"excerpt":{"rendered":"<p>Zhotovitel\u00e9 na stavb\u011b a p\u0159ed\u00e1n\u00ed dokumentace. Kdo, komu a kdy? Jak se postupuje, kdy\u017e je na stavb\u011b \u201egener\u00e1ln\u00ed dodavatel\u201c? Odpov\u00edd\u00e1 Ing. Eva Grenov\u00e1, Ph.D Na st\u016fl se mi dostal dotaz,&#8230;<\/p>\n","protected":false},"author":2,"featured_media":204,"comment_status":"closed","ping_status":"closed","sticky":false,"template":"","format":"standard","meta":{"_jetpack_memberships_contains_paid_content":false,"footnotes":""},"categories":[30],"tags":[],"class_list":["post-287","post","type-post","status-publish","format-standard","has-post-thumbnail","hentry","category-dotazy-a-odpovedi","entry"],"jetpack_featured_media_url":"https:\/\/i0.wp.com\/karous.karoei.cz\/karous\/wp-content\/uploads\/2022\/01\/1.jpg?fit=852%2C480&ssl=1","jetpack_sharing_enabled":true,"jetpack_likes_enabled":false,"_links":{"self":[{"href":"https:\/\/karous.karoei.cz\/karous\/wp-json\/wp\/v2\/posts\/287","targetHints":{"allow":["GET"]}}],"collection":[{"href":"https:\/\/karous.karoei.cz\/karous\/wp-json\/wp\/v2\/posts"}],"about":[{"href":"https:\/\/karous.karoei.cz\/karous\/wp-json\/wp\/v2\/types\/post"}],"author":[{"embeddable":true,"href":"https:\/\/karous.karoei.cz\/karous\/wp-json\/wp\/v2\/users\/2"}],"replies":[{"embeddable":true,"href":"https:\/\/karous.karoei.cz\/karous\/wp-json\/wp\/v2\/comments?post=287"}],"version-history":[{"count":1,"href":"https:\/\/karous.karoei.cz\/karous\/wp-json\/wp\/v2\/posts\/287\/revisions"}],"predecessor-version":[{"id":288,"href":"https:\/\/karous.karoei.cz\/karous\/wp-json\/wp\/v2\/posts\/287\/revisions\/288"}],"wp:featuredmedia":[{"embeddable":true,"href":"https:\/\/karous.karoei.cz\/karous\/wp-json\/wp\/v2\/media\/204"}],"wp:attachment":[{"href":"https:\/\/karous.karoei.cz\/karous\/wp-json\/wp\/v2\/media?parent=287"}],"wp:term":[{"taxonomy":"category","embeddable":true,"href":"https:\/\/karous.karoei.cz\/karous\/wp-json\/wp\/v2\/categories?post=287"},{"taxonomy":"post_tag","embeddable":true,"href":"https:\/\/karous.karoei.cz\/karous\/wp-json\/wp\/v2\/tags?post=287"}],"curies":[{"name":"wp","href":"https:\/\/api.w.org\/{rel}","templated":true}]}}