{"id":499,"date":"2023-10-21T11:06:59","date_gmt":"2023-10-21T09:06:59","guid":{"rendered":"https:\/\/karous.karoei.cz\/karous\/?p=499"},"modified":"2023-10-21T11:07:02","modified_gmt":"2023-10-21T09:07:02","slug":"co-nam-prinese-novy-rok-2024","status":"publish","type":"post","link":"https:\/\/karous.karoei.cz\/karous\/2023\/10\/21\/co-nam-prinese-novy-rok-2024\/","title":{"rendered":"Co n\u00e1m p\u0159inese nov\u00fd rok 2024"},"content":{"rendered":"\n<p>P\u0159eji dobr\u00fd den v\u00e1\u017een\u00e9 kolegyn\u011b a v\u00e1\u017een\u00ed kolegov\u00e9.<\/p>\n\n\n\n<p>Bl\u00ed\u017e\u00ed se rok 2024 a v&nbsp;t\u00e9 souvislosti doch\u00e1z\u00ed i k&nbsp;\u00fa\u010dinnosti nov\u00e9ho stavebn\u00edho z\u00e1kona.<\/p>\n\n\n\n<p>Z\u00e1kon 183\/2006 Sb., ve zn\u011bn\u00ed pozd\u011bj\u0161\u00edch p\u0159edpis\u016f bude nahrazen z\u00e1konem 283\/2021 Sb. A tato zm\u011bna m\u00e1 vliv i na rozsah a obsah zku\u0161ebn\u00edch ot\u00e1zek zkou\u0161ek z&nbsp;odborn\u00e9 zp\u016fsobilosti koordin\u00e1tor\u016f BOZP na staveni\u0161ti.<\/p>\n\n\n\n<p>Na\u0161e akreditovan\u00e1 organizace m\u00e1 ji\u017e \u201enov\u00e9\u201c ot\u00e1zky zpracov\u00e1ny a m\u00e1me je tak\u00e9 schv\u00e1leny Ministerstvem pr\u00e1ce a soci\u00e1ln\u00edch v\u011bc\u00ed. Rovn\u011b\u017e je m\u00e1me zapracov\u00e1ny do zku\u0161ebn\u00edho TESTRu pro rok 2024, kter\u00fd je p\u0159ipraven pro V\u00e1s, k\u00a0ov\u011b\u0159en\u00ed Va\u0161ich znalost\u00ed p\u0159ed zkou\u0161kou.<\/p>\n\n\n\n<p>Proto doporu\u010dujeme zv\u00e1\u017eit, kdy p\u016fjdete na zkou\u0161ku nebo periodickou zkou\u0161ku koordin\u00e1tora BOZP a podle toho se tak\u00e9 p\u0159ipravit bu\u010f podle \u201estar\u00e9ho\u201c, nebo podle \u201enov\u00e9ho\u201c.<\/p>\n\n\n\n<p>Pro ty z&nbsp;V\u00e1s, kte\u0159\u00ed v&nbsp;minulosti byli u zkou\u0161ky z&nbsp;odborn\u00e9 zp\u016fsobilosti koordin\u00e1tor\u016f BOZP na staveni\u0161ti u na\u0161\u00ed spole\u010dnosti je \u010d\u00e1ste\u010dn\u011b v\u00fdhodou vyu\u017e\u00edt p\u0159\u00edle\u017eitosti a je\u0161t\u011b zkou\u0161ku slo\u017eit do konce roku 2023, proto\u017ee st\u00e1le vych\u00e1z\u00edme z dosud schv\u00e1len\u00fdch ot\u00e1zek MPSV.<\/p>\n\n\n\n<p>Od nov\u00e9ho roku bude zm\u011bna.<\/p>\n\n\n\n<p>A u na\u0161ich ot\u00e1zek doch\u00e1z\u00ed k&nbsp;pom\u011brn\u011b rozs\u00e1hl\u00e9 zm\u011bn\u011b. Jedn\u00e1 se o 100 nov\u00fdch ot\u00e1zek, ze kter\u00fdch bude sestavena \u010d\u00e1st \u201eB\u201c Va\u0161eho p\u00edsemn\u00e9ho testu, tedy oblast<strong> <\/strong>nazvan\u00e1 \u201ez\u00e1kladn\u00ed znalost pr\u00e1vn\u00edch a technick\u00fdch p\u0159edpis\u016f z&nbsp;oblasti v\u00fdstavby a stavebnictv\u00ed, znalost technologie prov\u00e1d\u011bn\u00ed staveb a souvisej\u00edc\u00edch \u010dinnost\u00ed, pot\u0159ebn\u00fdch pro v\u00fdkon \u010dinnostikoordin\u00e1tora\u201c a 10 nov\u00fdch ot\u00e1zek ze stejn\u00e9 oblasti k&nbsp;Va\u0161\u00ed \u00fastn\u00ed zkou\u0161ce.<\/p>\n\n\n\n<p>Kolegyn\u011b a kolegov\u00e9,<\/p>\n\n\n\n<p>mo\u017en\u00e1 se i k&nbsp;V\u00e1m dostal \u201epracovn\u00ed\u201c n\u00e1vrh zm\u011bny z\u00e1kona \u010d. 309\/2006 Sb., ve zn\u011bn\u00ed pozd\u011bj\u0161\u00edch p\u0159edpis\u016f, t\u00fdkaj\u00edc\u00ed se n\u00e1s koordin\u00e1tor\u016f BOZP. Navrhovan\u00e9 zm\u011bny ji\u017e v&nbsp;t\u00e9to dob\u011b vyvolaly negativn\u00ed reakce n\u011bkter\u00fdch na\u0161ich koleg\u016f. Jedn\u00e1 se diskuzi nad mo\u017en\u00fdmi zm\u011bnami z\u00e1kona. A proto\u017ee nen\u00ed zat\u00edm nic dohodnuto a schv\u00e1leno, d\u00e1v\u00e1me i V\u00e1m mo\u017enost se k&nbsp;\u010dinnostem koordin\u00e1tora BOZP a vztah\u016fm mezi zadavatelem stavby, koordin\u00e1torem BOZP, zhotovitelem, OSV\u010c, p\u0159\u00edpadn\u011b kontroln\u00edmi org\u00e1ny vyj\u00e1d\u0159it a na\u0161e spole\u010dnost Va\u0161e p\u0159ipom\u00ednky p\u0159ed\u00e1 Ministerstvu pr\u00e1ce a soci\u00e1ln\u00edch v\u011bc\u00ed.<\/p>\n\n\n\n<p>Jo\u0160t<\/p>\n","protected":false},"excerpt":{"rendered":"<p>P\u0159eji dobr\u00fd den v\u00e1\u017een\u00e9 kolegyn\u011b a v\u00e1\u017een\u00ed kolegov\u00e9. Bl\u00ed\u017e\u00ed se rok 2024 a v&nbsp;t\u00e9 souvislosti doch\u00e1z\u00ed i k&nbsp;\u00fa\u010dinnosti nov\u00e9ho stavebn\u00edho z\u00e1kona. Z\u00e1kon 183\/2006 Sb., ve zn\u011bn\u00ed pozd\u011bj\u0161\u00edch p\u0159edpis\u016f bude nahrazen&#8230;<\/p>\n","protected":false},"author":2,"featured_media":500,"comment_status":"closed","ping_status":"closed","sticky":false,"template":"","format":"standard","meta":{"_jetpack_memberships_contains_paid_content":false,"footnotes":""},"categories":[29],"tags":[],"class_list":["post-499","post","type-post","status-publish","format-standard","has-post-thumbnail","hentry","category-nase-tema","entry"],"jetpack_featured_media_url":"https:\/\/i0.wp.com\/karous.karoei.cz\/karous\/wp-content\/uploads\/2023\/10\/vzdelavani.jpg?fit=1051%2C1050&ssl=1","jetpack_sharing_enabled":true,"jetpack_likes_enabled":false,"_links":{"self":[{"href":"https:\/\/karous.karoei.cz\/karous\/wp-json\/wp\/v2\/posts\/499","targetHints":{"allow":["GET"]}}],"collection":[{"href":"https:\/\/karous.karoei.cz\/karous\/wp-json\/wp\/v2\/posts"}],"about":[{"href":"https:\/\/karous.karoei.cz\/karous\/wp-json\/wp\/v2\/types\/post"}],"author":[{"embeddable":true,"href":"https:\/\/karous.karoei.cz\/karous\/wp-json\/wp\/v2\/users\/2"}],"replies":[{"embeddable":true,"href":"https:\/\/karous.karoei.cz\/karous\/wp-json\/wp\/v2\/comments?post=499"}],"version-history":[{"count":1,"href":"https:\/\/karous.karoei.cz\/karous\/wp-json\/wp\/v2\/posts\/499\/revisions"}],"predecessor-version":[{"id":501,"href":"https:\/\/karous.karoei.cz\/karous\/wp-json\/wp\/v2\/posts\/499\/revisions\/501"}],"wp:featuredmedia":[{"embeddable":true,"href":"https:\/\/karous.karoei.cz\/karous\/wp-json\/wp\/v2\/media\/500"}],"wp:attachment":[{"href":"https:\/\/karous.karoei.cz\/karous\/wp-json\/wp\/v2\/media?parent=499"}],"wp:term":[{"taxonomy":"category","embeddable":true,"href":"https:\/\/karous.karoei.cz\/karous\/wp-json\/wp\/v2\/categories?post=499"},{"taxonomy":"post_tag","embeddable":true,"href":"https:\/\/karous.karoei.cz\/karous\/wp-json\/wp\/v2\/tags?post=499"}],"curies":[{"name":"wp","href":"https:\/\/api.w.org\/{rel}","templated":true}]}}